{"id":9604,"date":"2024-08-26T18:24:07","date_gmt":"2024-08-26T18:24:07","guid":{"rendered":"https:\/\/certifiqat.com\/news\/iso-9001-the-7-fundamental-principles\/"},"modified":"2024-08-26T20:17:16","modified_gmt":"2024-08-26T20:17:16","slug":"iso-9001-the-7-fundamental-principles","status":"publish","type":"post","link":"https:\/\/certifiqat.com\/tr\/news\/iso-9001-the-7-fundamental-principles\/","title":{"rendered":"ISO 9001 &#8211; 7 Temel \u0130lke"},"content":{"rendered":"\n<h2 class=\"wp-block-heading has-background\" style=\"background-color:#75d2fa\">\u0130lke 1: M\u00fc\u015fteri Odakl\u0131l\u0131k<\/h2>\n\n\n\n<p>M\u00fc\u015fteri memnuniyeti bir \u015firketin performans\u0131n\u0131n yans\u0131mas\u0131d\u0131r ve s\u00fcrd\u00fcr\u00fclebilir ba\u015far\u0131 ve teslimat kabiliyeti i\u00e7in en \u00f6nemli fakt\u00f6rd\u00fcr. M\u00fc\u015fteri beklentilerini \u00f6ng\u00f6rmek ve zaman zaman bu beklentileri a\u015fmak 7 temel ilke aras\u0131nda yer al\u0131r. Bu, kaliteli \u00e7al\u0131\u015fman\u0131n \u00f6z\u00fcd\u00fcr ve t\u00fcm organizasyonun buna uyum sa\u011flamas\u0131n\u0131 gerektirir. Sadece m\u00fc\u015fterilerinden ve payda\u015flar\u0131ndan kal\u0131c\u0131 g\u00fcven kazanan bir i\u015fletme uzun vadede ba\u015far\u0131l\u0131 olabilir. Her m\u00fc\u015fteri etkile\u015fimi, mevcut beklentileri kar\u015f\u0131layarak ve gelecekteki beklentileri anlayarak somut bir de\u011fer katma f\u0131rsat\u0131 sunar ve g\u00fcven ve m\u00fc\u015fteri sadakati olu\u015fturmaya \u00f6nemli \u00f6l\u00e7\u00fcde katk\u0131da bulunur.<\/p>\n\n\n\n<blockquote class=\"wp-block-quote is-layout-flow wp-block-quote-is-layout-flow\">\n<p>Bu, kaliteli \u00e7al\u0131\u015fman\u0131n \u00f6z\u00fcd\u00fcr<\/p>\n<cite>M\u00fc\u015fteri memnuniyeti bir \u015firketin performans\u0131n\u0131n yans\u0131mas\u0131d\u0131r ve s\u00fcrd\u00fcr\u00fclebilir ba\u015far\u0131 ve teslimat kabiliyeti i\u00e7in en \u00f6nemli fakt\u00f6rd\u00fcr. M\u00fc\u015fteri beklentilerinin \u00f6ng\u00f6r\u00fclmesi ve zaman zaman a\u015f\u0131lmas\u0131 7 temel ilke aras\u0131nda yer almaktad\u0131r.<\/cite><\/blockquote>\n\n\n\n<h2 class=\"wp-block-heading\">\u015eirkette m\u00fc\u015fteri oda\u011f\u0131n\u0131 g\u00fc\u00e7lendirmek i\u00e7in birka\u00e7 eylemi g\u00f6z \u00f6n\u00fcnde bulundurun:<\/h2>\n\n\n\n<h3 class=\"wp-block-heading\">M\u00fc\u015fteri deneyimlerini yakalay\u0131n:<\/h3>\n\n\n\n<ul class=\"wp-block-list\">\n<li>Memnuniyeti \u00f6l\u00e7mek i\u00e7in d\u00fczenli m\u00fc\u015fteri anketleri yap\u0131n.<\/li>\n\n\n\n<li>Sosyal medya ve do\u011frudan ileti\u015fim gibi \u00e7e\u015fitli kanallar arac\u0131l\u0131\u011f\u0131yla m\u00fc\u015fterilerden geri bildirim toplay\u0131n.<\/li>\n\n\n\n<li>\u015eikayetleri ele alma ve m\u00fc\u015fteri ili\u015fkilerini kullan\u0131n:<\/li>\n\n\n\n<li>\u015eikayetleri ele almak ve m\u00fc\u015fteri endi\u015felerini derhal \u00e7\u00f6zmek i\u00e7in etkili bir s\u00fcre\u00e7 uygulay\u0131n.<\/li>\n\n\n\n<li>Ki\u015fisel temas ve h\u0131zl\u0131 geri bildirim yoluyla g\u00fc\u00e7l\u00fc ili\u015fkiler kurun.<\/li>\n<\/ul>\n\n\n\n<h3 class=\"wp-block-heading\">M\u00fc\u015fterileri geli\u015fime dahil edin:<\/h3>\n\n\n\n<ul class=\"wp-block-list\">\n<li>Girdi ve \u00f6nerileri toplamak i\u00e7in mekanizmalar olu\u015fturun.<\/li>\n\n\n\n<li>Uygunlu\u011fu sa\u011flamak i\u00e7in m\u00fc\u015fterilere dan\u0131\u015farak \u00fcr\u00fcn ve hizmetler geli\u015ftirin.<\/li>\n\n\n\n<li>Tutarl\u0131 m\u00fc\u015fteri odakl\u0131l\u0131\u011f\u0131n\u0131n sonu\u00e7lar\u0131:<\/li>\n\n\n\n<li>Geli\u015ftirilmi\u015f m\u00fc\u015fteri sadakati ve elde tutma:<\/li>\n\n\n\n<li>Memnun m\u00fc\u015fteriler sad\u0131k ve potansiyel el\u00e7iler haline gelir.<\/li>\n\n\n\n<li>Olumlu a\u011f\u0131zdan a\u011f\u0131za ileti\u015fim \u015firketin itibar\u0131n\u0131 art\u0131rabilir.<\/li>\n<\/ul>\n\n\n\n<h3 class=\"wp-block-heading\">Daha az \u015fikayet ve yak\u0131nma:<\/h3>\n\n\n\n<ul class=\"wp-block-list\">\n<li>M\u00fc\u015fteri beklentilerinin anla\u015f\u0131lmas\u0131 \u015fikayetleri azalt\u0131r.<\/li>\n\n\n\n<li>Daha h\u0131zl\u0131 pazara sunma s\u00fcresi:<\/li>\n\n\n\n<li>Etkili ileti\u015fim h\u0131zl\u0131 \u00fcr\u00fcn geli\u015ftirmeyi m\u00fcmk\u00fcn k\u0131lar.<\/li>\n<\/ul>\n\n\n\n<h3 class=\"wp-block-heading\">Artan rekabet g\u00fcc\u00fc:<\/h3>\n\n\n\n<ul class=\"wp-block-list\">\n<li>M\u00fc\u015fteri ihtiya\u00e7lar\u0131na uyum sa\u011flamak \u015firketin pazardaki konumunu g\u00fc\u00e7lendirir.<\/li>\n\n\n\n<li>Tutarl\u0131 m\u00fc\u015fteri odakl\u0131l\u0131k, hem \u015firketin hem de m\u00fc\u015fterilerin artan memnuniyet ve kar\u015f\u0131l\u0131kl\u0131 anlay\u0131\u015ftan yararland\u0131\u011f\u0131 bir kazan-kazan durumu yarat\u0131r.<\/li>\n<\/ul>\n\n\n\n<h2 class=\"wp-block-heading has-background\" style=\"background-color:#75d2fa\">\u0130lke 2 Liderlik<\/h2>\n\n\n\n<p>Bir \u015firketin amac\u0131, y\u00f6n\u00fc ve i\u00e7 ortam\u0131n\u0131n uyumlu hale getirilmesi bir liderlik meselesidir. Bu nedenle, kalite y\u00f6netiminin yedi ilkesinden ikincisi liderli\u011fe odaklan\u0131r. Liderler ama\u00e7 ve y\u00f6n\u00fcn kurulu\u015f i\u00e7inde tutarl\u0131 olmas\u0131n\u0131 sa\u011flar. Kaynaklarla ilgili kararlar en \u00fcst y\u00f6netim d\u00fczeyinde al\u0131n\u0131r ve gerekti\u011finde devredilebilir. \u00c7o\u011fu \u015firket ve kurulu\u015fta bu nitelikler kurumsal liderlik rolleri ve bunlara kar\u015f\u0131l\u0131k gelen hareket etme yetkileriyle ili\u015fkilendirilir. Ancak \u00fcst y\u00f6netimin birincil g\u00f6revi, her \u00e7al\u0131\u015fan\u0131n becerilerini geli\u015ftirebilece\u011fi ve bunlar\u0131 \u015firket yarar\u0131na kullanabilece\u011fi bir \u00e7al\u0131\u015fma ortam\u0131 yaratmakt\u0131r. Bu yakla\u015f\u0131m, ama\u00e7lanan hedeflere ula\u015f\u0131lmas\u0131n\u0131 sa\u011flamak i\u00e7in stratejileri, politikalar\u0131, s\u00fcre\u00e7leri ve kaynaklar\u0131 her an ayarlamak i\u00e7in gereklidir. Bu ayn\u0131 zamanda, yaln\u0131zca kurulu\u015f i\u00e7indeki sorumlu ve ilgili bireyler taraf\u0131ndan anla\u015f\u0131ld\u0131\u011f\u0131nda ve g\u00fcnl\u00fck s\u00fcre\u00e7lere entegre edildi\u011finde i\u015fe yarayan kalite y\u00f6netimi i\u00e7in de ge\u00e7erlidir.<\/p>\n\n\n\n<h3 class=\"wp-block-heading\">Aktif ve ki\u015fisel liderli\u011fe ek olarak a\u015fa\u011f\u0131daki liderlik ara\u00e7lar\u0131 da uygundur:<\/h3>\n\n\n\n<ul class=\"wp-block-list\">\n<li>Stratejik planlama &#8211; de\u011ferler, hedefler, hedeflerle liderlik.<\/li>\n\n\n\n<li>\u0130lgili bireyler i\u00e7in sorumluluklar\u0131n ve yetkilerin net bir \u015fekilde tan\u0131mlanmas\u0131.<\/li>\n\n\n\n<li>Risk ve f\u0131rsatlar\u0131n hedef odakl\u0131 y\u00f6netimi.<\/li>\n\n\n\n<li>\u0130\u00e7 ve d\u0131\u015f ileti\u015fim i\u00e7in etkili kurallar.<\/li>\n\n\n\n<li>D\u00fczenli de\u011ferlendirme ve trend analizi.<\/li>\n<\/ul>\n\n\n\n<h3 class=\"wp-block-heading\">Somut liderlik ile neler ba\u015far\u0131labilir?<\/h3>\n\n\n\n<ul class=\"wp-block-list\">\n<li>Net vizyonlar ve hedef odakl\u0131 eylemler.<\/li>\n\n\n\n<li>Karar almada geli\u015ftirilmi\u015f verimlilik.<\/li>\n\n\n\n<li>Optimize edilmi\u015f ve verimli s\u00fcre\u00e7ler ve kaynak kullan\u0131m\u0131.<\/li>\n\n\n\n<li>\u00c7al\u0131\u015fanlar aras\u0131nda artan memnuniyet.<\/li>\n<\/ul>\n\n\n\n<h2 class=\"wp-block-heading has-background\" style=\"background-color:#75d2fa\">\u0130lke 3: \u0130nsanlar\u0131n Kat\u0131l\u0131m\u0131<\/h2>\n\n\n\n<p>Her \u015firket, liderleri de dahil olmak \u00fczere ancak \u00e7al\u0131\u015fanlar\u0131 kadar iyidir. Kat\u0131l\u0131mc\u0131 bireyler kurulu\u015funuzun karakterini ve performans\u0131n\u0131 her d\u00fczeyde \u015fekillendirir. Bu nedenle, kurum i\u00e7inde faaliyet g\u00f6steren herkesin yetkin olmas\u0131, do\u011fru yetkilere sahip olmas\u0131 ve kurumun hedef ve de\u011ferlerini ger\u00e7ekle\u015ftirmeye angaje olmas\u0131 \u00e7ok \u00f6nemlidir. Bu, kurulu\u015fun de\u011fer yaratma kabiliyetini art\u0131r\u0131r. Verimlilik ve amaca odaklanan liderlik, \u00e7al\u0131\u015fanlar\u0131 karar alma s\u00fcrecine dahil etmeyi, bireysel ba\u015far\u0131lar\u0131n\u0131 tan\u0131may\u0131 ve beceri ve bilgilerini te\u015fvik etmeyi i\u00e7erir. Bunu ba\u015farmak i\u00e7in, her seviyedeki \u00e7al\u0131\u015fan\u0131n kat\u0131l\u0131m\u0131n\u0131 aktif bir \u015fekilde te\u015fvik etmek gerekir.<\/p>\n\n\n\n<h3 class=\"wp-block-heading\">Dikkate al\u0131nmas\u0131 gereken belirli alanlar \u015funlard\u0131r:<\/h3>\n\n\n\n<ul class=\"wp-block-list\">\n<li>\u0130nsan kaynaklar\u0131n\u0131n planlanmas\u0131.<\/li>\n\n\n\n<li>\u0130\u015fe al\u0131m prosed\u00fcrleri ve yeni \u00e7al\u0131\u015fanlar\u0131n i\u015fe al\u0131nmas\u0131.<\/li>\n\n\n\n<li>Yetkinlik ve sistematik e\u011fitim ve geli\u015fim.<\/li>\n\n\n\n<li>Fikir al\u0131\u015fveri\u015fi gibi yollarla aktif kat\u0131l\u0131m.<\/li>\n<\/ul>\n\n\n\n<h3 class=\"wp-block-heading\">Ne elde edilebilir?<\/h3>\n\n\n\n<ul class=\"wp-block-list\">\n<li>\u00c7al\u0131\u015fanlar aras\u0131nda artan sorumluluk ve geli\u015fmi\u015f ekip \u00e7al\u0131\u015fmas\u0131.<\/li>\n\n\n\n<li>Daha y\u00fcksek memnuniyet ve \u00e7al\u0131\u015fanlar\u0131n elde tutulmas\u0131.<\/li>\n\n\n\n<li>M\u00fc\u015fteri ili\u015fkileri ve m\u00fc\u015fterilerinizin sadakati \u00fczerinde do\u011frudan ve dolayl\u0131 olumlu etkiler.<\/li>\n<\/ul>\n\n\n\n<h2 class=\"wp-block-heading has-background\" style=\"background-color:#75d2fa\">\u0130lke 4: S\u00fcre\u00e7 Yakla\u015f\u0131m\u0131<\/h2>\n\n\n\n<p>Kalite y\u00f6netiminin yedi ilkesinden d\u00f6rd\u00fcnc\u00fcs\u00fc s\u00fcre\u00e7 odakl\u0131 yakla\u015f\u0131ma odaklan\u0131r. Bu nedenle, iyi i\u015fleyen bir y\u00f6netim sistemi, \u015firketiniz veya kurulu\u015funuzdaki t\u00fcm ilgili s\u00fcre\u00e7ler i\u00e7in belgelenmi\u015f s\u00fcre\u00e7 y\u00f6netimi ile g\u00fc\u00e7lendirilir. Bu \u00e7ok \u00f6nemlidir \u00e7\u00fcnk\u00fc ilgili s\u00fcre\u00e7lerin ve bunlar\u0131n kontrol ve etkile\u015fimlerinin iyi anla\u015f\u0131lmas\u0131 bir \u015firketin performans\u0131n\u0131 optimize etmesini ve hedeflerine ula\u015fmas\u0131n\u0131 sa\u011flar. Bunu ba\u015farmak i\u00e7in s\u00fcrecin her ad\u0131m\u0131 tan\u0131mlanmal\u0131, girdi ve \u00e7\u0131kt\u0131lar belirlenmeli ve di\u011fer \u015firket fonksiyonlar\u0131yla olan aray\u00fczler tan\u0131mlanmal\u0131d\u0131r. Ayr\u0131ca, potansiyel hata kaynaklar\u0131 tan\u0131mlanmal\u0131 ve s\u00fcrecin sorunsuz i\u015flemesini sa\u011flamak i\u00e7in sorumluluklar belirlenmelidir. Bir di\u011fer \u00f6nemli gereklilik de istenen sonu\u00e7lara verimli ve etkili bir \u015fekilde ula\u015fmak i\u00e7in ilgili anahtar performans g\u00f6stergeleri de dahil olmak \u00fczere s\u00fcre\u00e7 kontrol\u00fc i\u00e7in &#8220;performans g\u00f6stergelerinin&#8221; belirlenmesidir.<\/p>\n\n\n\n<p>Not: Bir s\u00fcre\u00e7, girdiyi \u00e7\u0131kt\u0131ya d\u00f6n\u00fc\u015ft\u00fcren, birbiriyle ili\u015fkili ve kar\u015f\u0131l\u0131kl\u0131 olarak birbirini etkileyen faaliyetler zinciridir.<\/p>\n\n\n\n<p><strong>Kalite y\u00f6netimine s\u00fcre\u00e7 odakl\u0131 yakla\u015f\u0131m neleri i\u00e7erir?<\/strong><\/p>\n\n\n\n<ul class=\"wp-block-list\">\n<li>\u015eirketler ve kurulu\u015flar i\u00e7in bu, kaynaklar gibi ili\u015fkili ko\u015fullar da dahil olmak \u00fczere s\u00fcre\u00e7lerin, bunlar\u0131n s\u0131ras\u0131n\u0131n ve etkile\u015fimlerinin a\u00e7\u0131k\u00e7a tan\u0131mlanmas\u0131 gerekti\u011fi anlam\u0131na gelir. Buna \u015funlar dahil olabilir:<\/li>\n\n\n\n<li>M\u00fc\u015fteriler ve d\u0131\u015f tedarik\u00e7iler.<\/li>\n\n\n\n<li>Daha \u00f6nceki a\u015famalardaki s\u00fcre\u00e7ler gibi girdi kaynaklar\u0131.<\/li>\n\n\n\n<li>Girdi ve \u00e7\u0131kt\u0131 (yani bir s\u00fcrecin teslimat\u0131).<\/li>\n\n\n\n<li>S\u00fcre\u00e7 ak\u0131\u015f\u0131 ve gerekli kaynaklar.<\/li>\n\n\n\n<li>S\u00fcre\u00e7 sahipleri.<\/li>\n\n\n\n<li>Planlanan sonu\u00e7lar ve al\u0131c\u0131lar.<\/li>\n\n\n\n<li>Riskler ve f\u0131rsatlar.<\/li>\n\n\n\n<li>\u00d6l\u00e7\u00fcmler ve performans g\u00f6stergeleri.<\/li>\n<\/ul>\n\n\n\n<h2 class=\"wp-block-heading has-background\" style=\"background-color:#75d2fa\">\u0130lke 5: \u0130yile\u015ftirme<\/h2>\n\n\n\n<p>Buradaki zorluk, performans\u0131 s\u00fcrekli olarak korumak ve geli\u015ftirmektir. Bunu ba\u015farmak i\u00e7in, i\u00e7 ve d\u0131\u015f de\u011fi\u015fikliklerin fark\u0131nda olmak ve yeni f\u0131rsatlar yaratmak i\u00e7in bunlara g\u00f6re hareket etmek \u00e7ok \u00f6nemlidir. Bu hem \u015firket hem de \u00e7al\u0131\u015fanlar\u0131 i\u00e7in ge\u00e7erlidir. Bu nedenle, s\u00fcrd\u00fcr\u00fclebilir i\u015f ba\u015far\u0131s\u0131n\u0131n anahtar\u0131 s\u00fcrekli iyile\u015ftirmeye odaklanmakt\u0131r. Bu \u015fekilde bir \u015firket sonu\u00e7lar\u0131n\u0131 istikrarl\u0131 hale getirir, hem i\u00e7 hem de d\u0131\u015f ko\u015fullardaki de\u011fi\u015fikliklere uygun \u015fekilde yan\u0131t verebilir ve yeni f\u0131rsatlar\u0131 belirlemek i\u00e7in en iyi ko\u015fullar\u0131 yarat\u0131r.<\/p>\n\n\n\n<h3 class=\"wp-block-heading\">Riskleri ve f\u0131rsatlar\u0131 belirlemek ve kalite y\u00f6netim sisteminde s\u00fcrekli iyile\u015ftirmeler ba\u015flatmak i\u00e7in bu f\u0131rsatlardan aktif olarak yararlan\u0131n:<\/h3>\n\n\n\n<ul class=\"wp-block-list\">\n<li>M\u00fc\u015fteri geri bildirimleri, incelemeler ve s\u00fcre\u00e7 de\u011ferlendirmeleri dahil olmak \u00fczere iyile\u015ftirme kaynaklar\u0131n\u0131 toplay\u0131n.<\/li>\n\n\n\n<li>\u0130\u015fyeri iyile\u015ftirme fikirleri de dahil olmak \u00fczere \u00e7al\u0131\u015fan geri bildirimlerini kullan\u0131n.<\/li>\n\n\n\n<li>Pazar\u0131, \u00f6zellikle de di\u011fer sekt\u00f6rleri ve teknolojik de\u011fi\u015fiklikleri izleyin.<\/li>\n\n\n\n<li>Hedeflenen iyile\u015ftirme ve yenilik programlar\u0131n\u0131 uygulamak.<\/li>\n\n\n\n<li>Kurulu\u015fun bilgi taban\u0131n\u0131 muhafaza edin ve daha da geli\u015ftirin.<\/li>\n\n\n\n<li>Sapmalar\u0131 ve eksiklikleri aktif bir \u015fekilde ele almak i\u00e7in sa\u011flam bir y\u00f6ntem olu\u015fturun.<\/li>\n<\/ul>\n\n\n\n<h3 class=\"wp-block-heading\">&#8220;\u0130yile\u015ftirme&#8221; kalite y\u00f6netimi ilkesi ile neler ba\u015far\u0131labilir?<\/h3>\n\n\n\n<ul class=\"wp-block-list\">\n<li>\u0130yile\u015ftirilmi\u015f k\u00e2rl\u0131l\u0131k.<\/li>\n\n\n\n<li>Performans ve inovasyonda s\u00fcrd\u00fcr\u00fclebilir art\u0131\u015f.<\/li>\n\n\n\n<li>S\u00fcrd\u00fcr\u00fclebilir rekabet avantajlar\u0131n\u0131n yarat\u0131lmas\u0131.<\/li>\n<\/ul>\n\n\n\n<h2 class=\"wp-block-heading has-background\" style=\"background-color:#75d2fa\">6. \u0130lke Ger\u00e7e\u011fe Dayal\u0131 Karar Verme<\/h2>\n\n\n\n<p>Etkili kararlar, veri ve bilgilerin analizi ve de\u011ferlendirilmesine dayan\u0131r. Ancak bu veri ve bilgilerin s\u00fcrekli olarak toplanmas\u0131 ve g\u00f6zden ge\u00e7irilmesiyle ger\u00e7e\u011fe dayal\u0131 kararlar al\u0131nabilir. Bu ba\u011flamda, neden ve sonu\u00e7 aras\u0131ndaki ili\u015fkileri anlamak ve yorumlamak ve istenmeyen sonu\u00e7lar\u0131n fark\u0131nda olmak \u00e7ok \u00f6nemlidir.<\/p>\n\n\n\n<h3 class=\"wp-block-heading\">Ger\u00e7e\u011fe dayal\u0131 karar vermeyi desteklemek i\u00e7in \u015funlar\u0131 kullan\u0131n<\/h3>\n\n\n\n<ul class=\"wp-block-list\">\n<li>Hem nicel hem de nitel veri ve bilgilerin \u00f6l\u00e7\u00fclmesi.<\/li>\n\n\n\n<li>E\u011filimler ve k\u0131yaslama dahil olmak \u00fczere ama\u00e7lanan hedeflerin, metriklerin ve di\u011fer performans g\u00f6stergelerinin d\u00fczenli olarak de\u011ferlendirilmesi.<\/li>\n\n\n\n<li>Aktif ve d\u00fc\u015f\u00fcnceli toplant\u0131 yap\u0131s\u0131.<\/li>\n\n\n\n<li>Ger\u00e7e\u011fe dayal\u0131 karar verme ile neler ba\u015far\u0131labilir? Ge\u00e7erli rakamlar, veriler ve ger\u00e7ekler kullanarak ideal olarak \u015funlar\u0131 ba\u015farabilirsiniz:<\/li>\n\n\n\n<li>Daha y\u00fcksek derecede nesnellik.<\/li>\n\n\n\n<li>Al\u0131nan kararlara duyulan g\u00fcven artar.<\/li>\n\n\n\n<li>Optimize edilmi\u015f hedef form\u00fclasyonu ve hedef kontrol\u00fc.<\/li>\n\n\n\n<li>Hatal\u0131 kararlardan ka\u00e7\u0131nma.<\/li>\n\n\n\n<li>Kaynaklar\u0131n daha iyi kullan\u0131lmas\u0131.<\/li>\n<\/ul>\n\n\n\n<h2 class=\"wp-block-heading has-background\" style=\"background-color:#75d2fa\">\u0130lke 7: \u0130li\u015fki Y\u00f6netimi<\/h2>\n\n\n\n<p>Uzun vadeli ba\u015far\u0131 elde eden \u015firketler, \u015firketin sonu\u00e7lar\u0131n\u0131 etkiledikleri i\u00e7in yat\u0131r\u0131mc\u0131lar veya d\u0131\u015f tedarik\u00e7iler gibi payda\u015flar\u0131yla g\u00fc\u00e7l\u00fc ili\u015fkiler s\u00fcrd\u00fcr\u00fcr. Bu etkiyi optimize etmek i\u00e7in, bu ili\u015fkileri y\u00f6netecek bir ara\u00e7 olarak ili\u015fki y\u00f6netimini kurmak \u00e7ok \u00f6nemlidir. A\u00e7\u0131k ileti\u015fim, m\u00fc\u015fteri \u00e7\u0131karlar\u0131na odaklanan ortak hedefler \u00fczerinde anla\u015fma ve \u00fcr\u00fcn geli\u015ftirme ve s\u00fcrekli iyile\u015ftirmede ilgili payda\u015flarla i\u015fbirli\u011fi kilit unsurlard\u0131r.<\/p>\n\n\n\n<h3 class=\"wp-block-heading\">\u0130li\u015fkilerinizden faydalanmak ve onlar\u0131 geli\u015ftirmek i\u00e7in \u015funlar\u0131 yapabilirsiniz:<\/h3>\n\n\n\n<ul class=\"wp-block-list\">\n<li>D\u00fczenli al\u0131\u015fveri\u015fler planlay\u0131n.<\/li>\n\n\n\n<li>Kar\u015f\u0131l\u0131kl\u0131 ili\u015fkileri s\u00fcrd\u00fcrmek i\u00e7in (ortak) a\u011flar kurun.<\/li>\n\n\n\n<li>D\u00fczenli geri bildirim mekanizmalar\u0131 olu\u015fturun.<\/li>\n\n\n\n<li>(\u015eirket i\u00e7i) ticaret fuarlar\u0131na, m\u00fc\u015fteri ve \u00e7al\u0131\u015fan g\u00fcnlerine kat\u0131l\u0131n.<\/li>\n\n\n\n<li>Ortak projeler ve geli\u015ftirme giri\u015fimleri \u00fczerinde i\u015fbirli\u011fi yap\u0131n.<\/li>\n<\/ul>\n\n\n\n<h3 class=\"wp-block-heading\">Neler ba\u015far\u0131labilir? \u0130li\u015fkilerinizi etkin bir \u015fekilde y\u00f6neterek, a\u015fa\u011f\u0131dakiler de dahil olmak \u00fczere \u00e7e\u015fitli faydalar elde edebilirsiniz:<\/h3>\n\n\n\n<ul class=\"wp-block-list\">\n<li>\u0130lgili taraflar\u0131n ihtiya\u00e7lar\u0131 ve gereksinimleri hakk\u0131nda g\u00fcncel bilgi.<\/li>\n\n\n\n<li>Gelecekteki e\u011filimlerin erken tespiti.<\/li>\n\n\n\n<li>Sinerji etkilerinin ve yeni ortak f\u0131rsatlar\u0131n yarat\u0131lmas\u0131.<\/li>\n\n\n\n<li>S\u00fcre\u00e7 s\u0131n\u0131rlar\u0131nda bile geli\u015fmi\u015f ileti\u015fim.<\/li>\n\n\n\n<li>Kar\u015f\u0131l\u0131kl\u0131 \u00f6neriler i\u00e7in artan f\u0131rsatlar.<\/li>\n<\/ul>\n\n\n\n<div style=\"height:100px\" aria-hidden=\"true\" class=\"wp-block-spacer\"><\/div>\n","protected":false},"excerpt":{"rendered":"<p>M\u00fc\u015fteri memnuniyeti, bir \u015firketin performans\u0131n\u0131n yans\u0131mas\u0131d\u0131r ve s\u00fcrd\u00fcr\u00fclebilir ba\u015far\u0131 ve teslimat kabiliyeti i\u00e7in en \u00f6nemli fakt\u00f6rd\u00fcr. \u00d6ng\u00f6rmek<\/p>\n","protected":false},"author":3,"featured_media":1421,"comment_status":"open","ping_status":"open","sticky":false,"template":"","format":"standard","meta":{"_acf_changed":false,"inline_featured_image":false,"footnotes":""},"categories":[19411,19471],"tags":[],"class_list":["post-9604","post","type-post","status-publish","format-standard","has-post-thumbnail","hentry","category-articles-tr","category-standard-tr"],"acf":[],"yoast_head":"<!-- This site is optimized with the Yoast SEO plugin v27.4 - https:\/\/yoast.com\/product\/yoast-seo-wordpress\/ -->\n<title>ISO 9001 - 7 Temel \u0130lke - Certifiqat.com<\/title>\n<meta name=\"robots\" content=\"index, follow, max-snippet:-1, max-image-preview:large, max-video-preview:-1\" \/>\n<link rel=\"canonical\" href=\"https:\/\/certifiqat.com\/tr\/news\/iso-9001-the-7-fundamental-principles\/\" \/>\n<meta property=\"og:locale\" content=\"tr_TR\" \/>\n<meta property=\"og:type\" content=\"article\" \/>\n<meta property=\"og:title\" content=\"ISO 9001 - 7 Temel \u0130lke - Certifiqat.com\" \/>\n<meta property=\"og:description\" content=\"M\u00fc\u015fteri memnuniyeti, bir \u015firketin performans\u0131n\u0131n yans\u0131mas\u0131d\u0131r ve s\u00fcrd\u00fcr\u00fclebilir ba\u015far\u0131 ve teslimat kabiliyeti i\u00e7in en \u00f6nemli fakt\u00f6rd\u00fcr. \u00d6ng\u00f6rmek\" \/>\n<meta property=\"og:url\" content=\"https:\/\/certifiqat.com\/tr\/news\/iso-9001-the-7-fundamental-principles\/\" \/>\n<meta property=\"og:site_name\" content=\"Certifiqat.com\" \/>\n<meta property=\"article:published_time\" content=\"2024-08-26T18:24:07+00:00\" \/>\n<meta property=\"article:modified_time\" content=\"2024-08-26T20:17:16+00:00\" \/>\n<meta property=\"og:image\" content=\"https:\/\/certifiqat.com\/wp-content\/uploads\/brandon-atchison-ulWqxGT5ckQ-unsplash.jpg\" \/>\n\t<meta property=\"og:image:width\" content=\"820\" \/>\n\t<meta property=\"og:image:height\" content=\"461\" \/>\n\t<meta property=\"og:image:type\" content=\"image\/jpeg\" \/>\n<meta name=\"author\" content=\"Certifiqat Desk\" \/>\n<meta name=\"twitter:card\" content=\"summary_large_image\" \/>\n<meta name=\"twitter:label1\" content=\"Yazan:\" \/>\n\t<meta name=\"twitter:data1\" content=\"Certifiqat Desk\" \/>\n\t<meta name=\"twitter:label2\" content=\"Tahmini okuma s\u00fcresi\" \/>\n\t<meta name=\"twitter:data2\" content=\"7 dakika\" \/>\n<script type=\"application\/ld+json\" class=\"yoast-schema-graph\">{\"@context\":\"https:\\\/\\\/schema.org\",\"@graph\":[{\"@type\":\"Article\",\"@id\":\"https:\\\/\\\/certifiqat.com\\\/tr\\\/news\\\/iso-9001-the-7-fundamental-principles\\\/#article\",\"isPartOf\":{\"@id\":\"https:\\\/\\\/certifiqat.com\\\/tr\\\/news\\\/iso-9001-the-7-fundamental-principles\\\/\"},\"author\":{\"name\":\"Certifiqat Desk\",\"@id\":\"https:\\\/\\\/certifiqat.com\\\/tr\\\/#\\\/schema\\\/person\\\/753fda82ed72c9260485fe48305aea06\"},\"headline\":\"ISO 9001 &#8211; 7 Temel \u0130lke\",\"datePublished\":\"2024-08-26T18:24:07+00:00\",\"dateModified\":\"2024-08-26T20:17:16+00:00\",\"mainEntityOfPage\":{\"@id\":\"https:\\\/\\\/certifiqat.com\\\/tr\\\/news\\\/iso-9001-the-7-fundamental-principles\\\/\"},\"wordCount\":1852,\"commentCount\":0,\"image\":{\"@id\":\"https:\\\/\\\/certifiqat.com\\\/tr\\\/news\\\/iso-9001-the-7-fundamental-principles\\\/#primaryimage\"},\"thumbnailUrl\":\"https:\\\/\\\/certifiqat.com\\\/wp-content\\\/uploads\\\/brandon-atchison-ulWqxGT5ckQ-unsplash.jpg\",\"articleSection\":[\"Makaleler\",\"Standart\"],\"inLanguage\":\"tr\"},{\"@type\":\"WebPage\",\"@id\":\"https:\\\/\\\/certifiqat.com\\\/tr\\\/news\\\/iso-9001-the-7-fundamental-principles\\\/\",\"url\":\"https:\\\/\\\/certifiqat.com\\\/tr\\\/news\\\/iso-9001-the-7-fundamental-principles\\\/\",\"name\":\"ISO 9001 - 7 Temel \u0130lke - Certifiqat.com\",\"isPartOf\":{\"@id\":\"https:\\\/\\\/certifiqat.com\\\/tr\\\/#website\"},\"primaryImageOfPage\":{\"@id\":\"https:\\\/\\\/certifiqat.com\\\/tr\\\/news\\\/iso-9001-the-7-fundamental-principles\\\/#primaryimage\"},\"image\":{\"@id\":\"https:\\\/\\\/certifiqat.com\\\/tr\\\/news\\\/iso-9001-the-7-fundamental-principles\\\/#primaryimage\"},\"thumbnailUrl\":\"https:\\\/\\\/certifiqat.com\\\/wp-content\\\/uploads\\\/brandon-atchison-ulWqxGT5ckQ-unsplash.jpg\",\"datePublished\":\"2024-08-26T18:24:07+00:00\",\"dateModified\":\"2024-08-26T20:17:16+00:00\",\"author\":{\"@id\":\"https:\\\/\\\/certifiqat.com\\\/tr\\\/#\\\/schema\\\/person\\\/753fda82ed72c9260485fe48305aea06\"},\"breadcrumb\":{\"@id\":\"https:\\\/\\\/certifiqat.com\\\/tr\\\/news\\\/iso-9001-the-7-fundamental-principles\\\/#breadcrumb\"},\"inLanguage\":\"tr\",\"potentialAction\":[{\"@type\":\"ReadAction\",\"target\":[\"https:\\\/\\\/certifiqat.com\\\/tr\\\/news\\\/iso-9001-the-7-fundamental-principles\\\/\"]}]},{\"@type\":\"ImageObject\",\"inLanguage\":\"tr\",\"@id\":\"https:\\\/\\\/certifiqat.com\\\/tr\\\/news\\\/iso-9001-the-7-fundamental-principles\\\/#primaryimage\",\"url\":\"https:\\\/\\\/certifiqat.com\\\/wp-content\\\/uploads\\\/brandon-atchison-ulWqxGT5ckQ-unsplash.jpg\",\"contentUrl\":\"https:\\\/\\\/certifiqat.com\\\/wp-content\\\/uploads\\\/brandon-atchison-ulWqxGT5ckQ-unsplash.jpg\",\"width\":820,\"height\":461},{\"@type\":\"BreadcrumbList\",\"@id\":\"https:\\\/\\\/certifiqat.com\\\/tr\\\/news\\\/iso-9001-the-7-fundamental-principles\\\/#breadcrumb\",\"itemListElement\":[{\"@type\":\"ListItem\",\"position\":1,\"name\":\"Home\",\"item\":\"https:\\\/\\\/certifiqat.com\\\/tr\\\/\"},{\"@type\":\"ListItem\",\"position\":2,\"name\":\"ISO 9001 &#8211; 7 Temel \u0130lke\"}]},{\"@type\":\"WebSite\",\"@id\":\"https:\\\/\\\/certifiqat.com\\\/tr\\\/#website\",\"url\":\"https:\\\/\\\/certifiqat.com\\\/tr\\\/\",\"name\":\"certifiqat\",\"description\":\"\",\"potentialAction\":[{\"@type\":\"SearchAction\",\"target\":{\"@type\":\"EntryPoint\",\"urlTemplate\":\"https:\\\/\\\/certifiqat.com\\\/tr\\\/?s={search_term_string}\"},\"query-input\":{\"@type\":\"PropertyValueSpecification\",\"valueRequired\":true,\"valueName\":\"search_term_string\"}}],\"inLanguage\":\"tr\"},{\"@type\":\"Person\",\"@id\":\"https:\\\/\\\/certifiqat.com\\\/tr\\\/#\\\/schema\\\/person\\\/753fda82ed72c9260485fe48305aea06\",\"name\":\"Certifiqat Desk\",\"image\":{\"@type\":\"ImageObject\",\"inLanguage\":\"tr\",\"@id\":\"https:\\\/\\\/secure.gravatar.com\\\/avatar\\\/a8cb908e888de90fb9261e830c6d8790f79596f52852a8ae057c87094d5e901d?s=96&d=mm&r=g\",\"url\":\"https:\\\/\\\/secure.gravatar.com\\\/avatar\\\/a8cb908e888de90fb9261e830c6d8790f79596f52852a8ae057c87094d5e901d?s=96&d=mm&r=g\",\"contentUrl\":\"https:\\\/\\\/secure.gravatar.com\\\/avatar\\\/a8cb908e888de90fb9261e830c6d8790f79596f52852a8ae057c87094d5e901d?s=96&d=mm&r=g\",\"caption\":\"Certifiqat Desk\"},\"url\":\"https:\\\/\\\/certifiqat.com\\\/tr\\\/news\\\/author\\\/andreas-samuelsson\\\/\"}]}<\/script>\n<!-- \/ Yoast SEO plugin. -->","yoast_head_json":{"title":"ISO 9001 - 7 Temel \u0130lke - Certifiqat.com","robots":{"index":"index","follow":"follow","max-snippet":"max-snippet:-1","max-image-preview":"max-image-preview:large","max-video-preview":"max-video-preview:-1"},"canonical":"https:\/\/certifiqat.com\/tr\/news\/iso-9001-the-7-fundamental-principles\/","og_locale":"tr_TR","og_type":"article","og_title":"ISO 9001 - 7 Temel \u0130lke - Certifiqat.com","og_description":"M\u00fc\u015fteri memnuniyeti, bir \u015firketin performans\u0131n\u0131n yans\u0131mas\u0131d\u0131r ve s\u00fcrd\u00fcr\u00fclebilir ba\u015far\u0131 ve teslimat kabiliyeti i\u00e7in en \u00f6nemli fakt\u00f6rd\u00fcr. \u00d6ng\u00f6rmek","og_url":"https:\/\/certifiqat.com\/tr\/news\/iso-9001-the-7-fundamental-principles\/","og_site_name":"Certifiqat.com","article_published_time":"2024-08-26T18:24:07+00:00","article_modified_time":"2024-08-26T20:17:16+00:00","og_image":[{"width":820,"height":461,"url":"https:\/\/certifiqat.com\/wp-content\/uploads\/brandon-atchison-ulWqxGT5ckQ-unsplash.jpg","type":"image\/jpeg"}],"author":"Certifiqat Desk","twitter_card":"summary_large_image","twitter_misc":{"Yazan:":"Certifiqat Desk","Tahmini okuma s\u00fcresi":"7 dakika"},"schema":{"@context":"https:\/\/schema.org","@graph":[{"@type":"Article","@id":"https:\/\/certifiqat.com\/tr\/news\/iso-9001-the-7-fundamental-principles\/#article","isPartOf":{"@id":"https:\/\/certifiqat.com\/tr\/news\/iso-9001-the-7-fundamental-principles\/"},"author":{"name":"Certifiqat Desk","@id":"https:\/\/certifiqat.com\/tr\/#\/schema\/person\/753fda82ed72c9260485fe48305aea06"},"headline":"ISO 9001 &#8211; 7 Temel \u0130lke","datePublished":"2024-08-26T18:24:07+00:00","dateModified":"2024-08-26T20:17:16+00:00","mainEntityOfPage":{"@id":"https:\/\/certifiqat.com\/tr\/news\/iso-9001-the-7-fundamental-principles\/"},"wordCount":1852,"commentCount":0,"image":{"@id":"https:\/\/certifiqat.com\/tr\/news\/iso-9001-the-7-fundamental-principles\/#primaryimage"},"thumbnailUrl":"https:\/\/certifiqat.com\/wp-content\/uploads\/brandon-atchison-ulWqxGT5ckQ-unsplash.jpg","articleSection":["Makaleler","Standart"],"inLanguage":"tr"},{"@type":"WebPage","@id":"https:\/\/certifiqat.com\/tr\/news\/iso-9001-the-7-fundamental-principles\/","url":"https:\/\/certifiqat.com\/tr\/news\/iso-9001-the-7-fundamental-principles\/","name":"ISO 9001 - 7 Temel \u0130lke - Certifiqat.com","isPartOf":{"@id":"https:\/\/certifiqat.com\/tr\/#website"},"primaryImageOfPage":{"@id":"https:\/\/certifiqat.com\/tr\/news\/iso-9001-the-7-fundamental-principles\/#primaryimage"},"image":{"@id":"https:\/\/certifiqat.com\/tr\/news\/iso-9001-the-7-fundamental-principles\/#primaryimage"},"thumbnailUrl":"https:\/\/certifiqat.com\/wp-content\/uploads\/brandon-atchison-ulWqxGT5ckQ-unsplash.jpg","datePublished":"2024-08-26T18:24:07+00:00","dateModified":"2024-08-26T20:17:16+00:00","author":{"@id":"https:\/\/certifiqat.com\/tr\/#\/schema\/person\/753fda82ed72c9260485fe48305aea06"},"breadcrumb":{"@id":"https:\/\/certifiqat.com\/tr\/news\/iso-9001-the-7-fundamental-principles\/#breadcrumb"},"inLanguage":"tr","potentialAction":[{"@type":"ReadAction","target":["https:\/\/certifiqat.com\/tr\/news\/iso-9001-the-7-fundamental-principles\/"]}]},{"@type":"ImageObject","inLanguage":"tr","@id":"https:\/\/certifiqat.com\/tr\/news\/iso-9001-the-7-fundamental-principles\/#primaryimage","url":"https:\/\/certifiqat.com\/wp-content\/uploads\/brandon-atchison-ulWqxGT5ckQ-unsplash.jpg","contentUrl":"https:\/\/certifiqat.com\/wp-content\/uploads\/brandon-atchison-ulWqxGT5ckQ-unsplash.jpg","width":820,"height":461},{"@type":"BreadcrumbList","@id":"https:\/\/certifiqat.com\/tr\/news\/iso-9001-the-7-fundamental-principles\/#breadcrumb","itemListElement":[{"@type":"ListItem","position":1,"name":"Home","item":"https:\/\/certifiqat.com\/tr\/"},{"@type":"ListItem","position":2,"name":"ISO 9001 &#8211; 7 Temel \u0130lke"}]},{"@type":"WebSite","@id":"https:\/\/certifiqat.com\/tr\/#website","url":"https:\/\/certifiqat.com\/tr\/","name":"certifiqat","description":"","potentialAction":[{"@type":"SearchAction","target":{"@type":"EntryPoint","urlTemplate":"https:\/\/certifiqat.com\/tr\/?s={search_term_string}"},"query-input":{"@type":"PropertyValueSpecification","valueRequired":true,"valueName":"search_term_string"}}],"inLanguage":"tr"},{"@type":"Person","@id":"https:\/\/certifiqat.com\/tr\/#\/schema\/person\/753fda82ed72c9260485fe48305aea06","name":"Certifiqat Desk","image":{"@type":"ImageObject","inLanguage":"tr","@id":"https:\/\/secure.gravatar.com\/avatar\/a8cb908e888de90fb9261e830c6d8790f79596f52852a8ae057c87094d5e901d?s=96&d=mm&r=g","url":"https:\/\/secure.gravatar.com\/avatar\/a8cb908e888de90fb9261e830c6d8790f79596f52852a8ae057c87094d5e901d?s=96&d=mm&r=g","contentUrl":"https:\/\/secure.gravatar.com\/avatar\/a8cb908e888de90fb9261e830c6d8790f79596f52852a8ae057c87094d5e901d?s=96&d=mm&r=g","caption":"Certifiqat Desk"},"url":"https:\/\/certifiqat.com\/tr\/news\/author\/andreas-samuelsson\/"}]}},"_links":{"self":[{"href":"https:\/\/certifiqat.com\/tr\/wp-json\/wp\/v2\/posts\/9604","targetHints":{"allow":["GET"]}}],"collection":[{"href":"https:\/\/certifiqat.com\/tr\/wp-json\/wp\/v2\/posts"}],"about":[{"href":"https:\/\/certifiqat.com\/tr\/wp-json\/wp\/v2\/types\/post"}],"author":[{"embeddable":true,"href":"https:\/\/certifiqat.com\/tr\/wp-json\/wp\/v2\/users\/3"}],"replies":[{"embeddable":true,"href":"https:\/\/certifiqat.com\/tr\/wp-json\/wp\/v2\/comments?post=9604"}],"version-history":[{"count":0,"href":"https:\/\/certifiqat.com\/tr\/wp-json\/wp\/v2\/posts\/9604\/revisions"}],"wp:featuredmedia":[{"embeddable":true,"href":"https:\/\/certifiqat.com\/tr\/wp-json\/wp\/v2\/media\/1421"}],"wp:attachment":[{"href":"https:\/\/certifiqat.com\/tr\/wp-json\/wp\/v2\/media?parent=9604"}],"wp:term":[{"taxonomy":"category","embeddable":true,"href":"https:\/\/certifiqat.com\/tr\/wp-json\/wp\/v2\/categories?post=9604"},{"taxonomy":"post_tag","embeddable":true,"href":"https:\/\/certifiqat.com\/tr\/wp-json\/wp\/v2\/tags?post=9604"}],"curies":[{"name":"wp","href":"https:\/\/api.w.org\/{rel}","templated":true}]}}